{"id":9170,"numero_formatado":"LEI ORDIN\u00c1RIA N\u00ba 7.513\/2026","titulo_capa_diario":"LEI ORDIN\u00c1RIA N\u00ba 7.513, DE 1 DE SETEMBRO DE 2026","ano":"2026","data":"2026-09-01","status":0,"status_label":"EM VIGOR","ementa":"DISP\u00d5E SOBRE ALTERA\u00c7\u00c3O DAS LEIS N\u00ba 7.340, DE 05 DE DEZEMBRO DE 2025, E N\u00b0 7.341, DE 05 DE DEZEMBRO DE 2025, E ABERTURA DE CR\u00c9DITO ADICIONAL ESPECIAL NO VALOR DE R$3.560.068,00.","autores":["PODER EXECUTIVO"],"assuntos":["PLURIANUAL-DIRETRIZES-CR\u00c9DITO"],"id_processo":32183,"url_processo":"https:\/\/www.camaravotuporanga.sp.gov.br\/proposituras\/32183","url_canonica":"https:\/\/www.camaravotuporanga.sp.gov.br\/legislacao\/9170","capa_diario":{"linha_publicacao":"PUBLICADO NO DI\u00c1RIO OFICIAL DO MUNIC\u00cdPIO EM 02\/09\/2026 - ED. N\u00ba 2687 - P\u00c1G. N\u00ba 3","ementa_capa":"(DISP\u00d5E SOBRE ALTERA\u00c7\u00c3O DAS LEIS N\u00ba 7.340, DE 05 DE DEZEMBRO DE 2025, E N\u00b0 7.341, DE 05 DE DEZEMBRO DE 2025, E ABERTURA DE CR\u00c9DITO ADICIONAL ESPECIAL NO VALOR DE R$3.560.068,00.)"},"preambulo_html":"<p style=\"text-align: justify\">FA\u00c7O SABER QUE A C\u00c2MARA MUNICIPAL DE VOTUPORANGA APROVOU E EU, NOS TERMOS DO ARTIGO 56, INCISO III, DA LEI ORG\u00c2NICA DO MUNIC\u00cdPIO, SANCIONO E PROMULGO A SEGUINTE LEI:<\/p>","texto_html":"<p style=\"text-align: justify\"><span>Art. 1\u00b0<\/span><span>\u00a0Fica o Poder Executivo autorizado a adequar os anexos II e III da\u00a0<\/span><span><a href=\"https:\/\/pesquisadeleis.com.br\/sp\/votuporanga\/legislacao\/114390\/lei-ordinaria-7340-dispoe-sobre-o-plano-plurianual-para-o-periodo-2026-2029-e-da-outras-providencias\"><span>Lei n\u00b0 7.340, de 05 de dezembro de 2025<\/span><\/a><\/span><span>, Plano Plurianual para o per\u00edodo de 2026 a 2029.<\/span><\/p><p style=\"text-align: justify\"><span>Art. 2\u00b0<\/span><span>\u00a0Fica o Poder Executivo autorizado a adequar os programas, metas e a\u00e7\u00f5es da\u00a0<\/span><span><a href=\"https:\/\/pesquisadeleis.com.br\/sp\/votuporanga\/legislacao\/114389\/lei-ordinaria-7341-dispoe-sobre-as-diretrizes-para-elaboracao-e-execucao-da-lei-orcamentarias-para-o-exercicio-de-2026\"><span>Lei n\u00b0 7.341, de 05 de dezembro de 2025<\/span><\/a><\/span><span>, Lei de Diretrizes Or\u00e7ament\u00e1rias para o exerc\u00edcio de 2026.<\/span><\/p><p style=\"text-align: justify\"><span>Art. 3\u00b0<\/span><span>\u00a0Fica o Poder Executivo autorizado a abrir cr\u00e9dito adicional especial no Or\u00e7amento Anual do Munic\u00edpio de Votuporanga para o exerc\u00edcio de 2026 no valor de R$ 3.560.068,00 (tr\u00eas milh\u00f5es, quinhentos e sessenta mil e sessenta e oito reais) destinados a:<\/span><\/p><p style=\"text-align: justify\"><span>\u00d3rg\u00e3o: 02 - Prefeitura Municipal<\/span><\/p><p style=\"text-align: justify\"><span>Unidade Or\u00e7ament\u00e1ria: 10 \u2013 Secretaria Municipal de Obras P\u00fablicas<\/span><\/p><p style=\"text-align: justify\"><span>Unidade Executora: 02 \u2013 Obras P\u00fablicas<\/span><\/p><p style=\"text-align: justify\"><span>Fun\u00e7\u00e3o 27 \u2013 Desporto e Lazer<\/span><\/p><p style=\"text-align: justify\"><span>Sub Fun\u00e7\u00e3o 813 \u2013 Lazer<\/span><\/p><p style=\"text-align: justify\"><span>Programa 0026 \u2013 Edifica\u00e7\u00f5es Institucionais<\/span><\/p><p style=\"text-align: justify\"><span>Projeto 1045 \u2013 Requalifica\u00e7\u00e3o do Parque da Represa<\/span><\/p><p style=\"text-align: justify\"><span>4.0.00.00 Despesas de Capital<\/span><\/p><p style=\"text-align: justify\"><span>4.4.00.00 Investimentos<\/span><\/p><p style=\"text-align: justify\"><span>4.4.90.00 Aplica\u00e7\u00f5es Diretas<\/span><\/p><p style=\"text-align: justify\"><span>4.4.90.51 Obras e Instala\u00e7\u00f5es<\/span><\/p><p style=\"text-align: justify\"><span>Fonte de Recursos 01 \u2013 Tesouro<\/span><\/p><p style=\"text-align: justify\"><span>Valor R$ 1.073.000,00<\/span><\/p><p style=\"text-align: justify\"><span>4.0.00.00 Despesas de Capital<\/span><\/p><p style=\"text-align: justify\"><span>4.4.00.00 Investimentos<\/span><\/p><p style=\"text-align: justify\"><span>4.4.90.00 Aplica\u00e7\u00f5es Diretas<\/span><\/p><p style=\"text-align: justify\"><span>4.4.90.51 Obras e Instala\u00e7\u00f5es<\/span><\/p><p style=\"text-align: justify\"><span>Fonte de Recursos 05 \u2013 Transfer\u00eancia e Conv\u00eanios Federais - Vinculados<\/span><\/p><p style=\"text-align: justify\"><span>Valor R$ 2.487.068,00<\/span><\/p><p style=\"text-align: justify\"><span>Art. 4\u00b0<\/span><span>\u00a0A cobertura do cr\u00e9dito autorizado pelo artigo 3\u00ba ser\u00e1 efetuada mediante a utiliza\u00e7\u00e3o dos recursos nos termos previstos no artigo 43, \u00a7 1\u00ba, inciso I, da\u00a0<\/span><span><a href=\"https:\/\/www.planalto.gov.br\/ccivil_03\/leis\/l4320.htm\"><span>Lei Federal n\u00ba 4.320\/64<\/span><\/a><\/span><span>, proveniente de super\u00e1vit financeiro apurado em balan\u00e7o patrimonial do exerc\u00edcio anterior.<\/span><\/p><p style=\"text-align: justify\"><span>Art. 5\u00b0<\/span><span>\u00a0Esta Lei entra em vigor na data de sua publica\u00e7\u00e3o.<\/span><\/p><p style=\"text-align: center\"><span>Pa\u00e7o Municipal \u201cDr. Tancredo de Almeida Neves\u201d, 1\u00ba de setembro de 2026.<\/span><\/p><p style=\"text-align: center\"><span>Jorge Augusto Seba<\/span><\/p><p style=\"text-align: center\"><span>Prefeito Municipal<\/span><\/p><p style=\"text-align: center\"><span>Deosdete Aparecido Vechiato<\/span><\/p><p style=\"text-align: center\"><span>Secret\u00e1rio Municipal da Fazenda<\/span><\/p><p style=\"text-align: center\"><span>Nilton Cesar Santiago<\/span><\/p><p style=\"text-align: center\"><span>Secret\u00e1rio Municipal de Rela\u00e7\u00f5es Institucionais e Gabinete Civil<\/span><\/p><p style=\"text-align: justify\"><span>Publicada e registrada no Departamento de Atos Administrativos e Legislativos da Secretaria Municipal de Rela\u00e7\u00f5es Institucionais e Gabinete Civil, data supra.<\/span><\/p><p style=\"text-align: center\"><span>Leticia Lopes Isiara<\/span><\/p><p style=\"text-align: justify\"><span>Respondendo pelo Expediente do Departamento<\/span><\/p>","texto_integral_disponivel":true,"exportado_em":"2026-09-04T03:56:56-03:00"}