{"id":9166,"numero_formatado":"LEI ORDIN\u00c1RIA N\u00ba 7.509\/2026","titulo_capa_diario":"LEI ORDIN\u00c1RIA N\u00ba 7.509, DE 26 DE AGOSTO DE 2026","ano":"2026","data":"2026-08-26","status":0,"status_label":"EM VIGOR","ementa":"DISP\u00d5E SOBRE AUTORIZA\u00c7\u00c3O DO PODER EXECUTIVO, A REALIZAR PARCELAMENTO DE D\u00cdVIDA COM A UNI\u00c3O, POR MEIO DA RECEITA FEDERAL DO BRASIL-RFB E\/OU DA PROCURADORIA-GERAL DA FAZENDA NACIONAL - PGFN, E D\u00c1 OUTRAS PROVID\u00caNCIAS.","autores":["PODER EXECUTIVO"],"assuntos":["PARCELAMENTO DE DIVIDA"],"id_processo":32187,"url_processo":"https:\/\/www.camaravotuporanga.sp.gov.br\/proposituras\/32187","url_canonica":"https:\/\/www.camaravotuporanga.sp.gov.br\/legislacao\/9166","capa_diario":{"linha_publicacao":"PUBLICADO NO DI\u00c1RIO OFICIAL DO MUNIC\u00cdPIO EM 27\/08\/2026 - ED. N\u00ba 2683 - P\u00c1G. N\u00ba 3-4","ementa_capa":"(DISP\u00d5E SOBRE AUTORIZA\u00c7\u00c3O DO PODER EXECUTIVO, A REALIZAR PARCELAMENTO DE D\u00cdVIDA COM A UNI\u00c3O, POR MEIO DA RECEITA FEDERAL DO BRASIL-RFB E\/OU DA PROCURADORIA-GERAL DA FAZENDA NACIONAL - PGFN, E D\u00c1 OUTRAS PROVID\u00caNCIAS.)"},"preambulo_html":"<p style=\"text-align: justify\">FA\u00c7O SABER QUE A C\u00c2MARA MUNICIPAL DE VOTUPORANGA APROVOU E EU, NOS TERMOS DO ART. 56, INCISO III, DA LEI ORG\u00c2NICA DO MUNIC\u00cdPIO, SANCIONO E PROMULGO A SEGUINTE LEI:<\/p>","texto_html":"<p style=\"text-align: justify\"><a><\/a><a><\/a><span>Art. 1\u00ba\u00a0<\/span><span>Fica o Poder Executivo autorizado a firmar acordo de parcelamento de d\u00edvida de contribui\u00e7\u00f5es previdenci\u00e1rias, junto \u00e0 Uni\u00e3o, por meio da Procuradoria Geral da Fazenda Nacional - PGFN e Receita Federal do Brasil \u2013 RFB em at\u00e9 300 (trezentas) parcelas, dispostas na\u00a0<\/span><span><a href=\"https:\/\/www.planalto.gov.br\/ccivil_03\/constituicao\/emendas\/emc\/emc136.htm\"><span>Emenda Constitucional n\u00ba 136\/2025<\/span><\/a><\/span><span>, nas IN RFB 2283, de 09 de outubro de 2025 e IN RFB 2300, de 23 de dezembro de 2025 e Portaria PGFN\/MF n\u00ba 2.212 de 29 de setembro de 2025, inclusive altera\u00e7\u00f5es supervenientes.<\/span><\/p><p style=\"text-align: justify\"><span>Par\u00e1grafo \u00fanico.<\/span><span>\u00a0Para parcelamento o Processo n\u00ba 10850.720.957\/2014-22 \u2013 RFB; Processo n\u00ba 10850.721.757\/2018-11 \u2013 RFB e Processo n\u00ba 10850.721.948\/2018-82 \u2013 RFB, todos acrescidos do valor do IPCA e juros reais de 4% a.a. (quatro por cento ao ano) relativo ao parcelamento em at\u00e9 300 (trezentas) parcelas mensais.<\/span><\/p><p style=\"text-align: justify\"><span>Art. 2\u00ba\u00a0<\/span><span>As parcelas de que trata o artigo anterior ser\u00e3o liquidadas mediante reten\u00e7\u00e3o no Fundo de Participa\u00e7\u00e3o dos Munic\u00edpios \u2013 FPM<\/span><\/p><p style=\"text-align: justify\"><span>Par\u00e1grafo \u00fanico.\u00a0<\/span><span>A SAEV Ambiental ressarcir\u00e1 o Munic\u00edpio pelos valores eventualmente retidos do FPM em decorr\u00eancia do parcelamento de que trata esta Lei, observados os prazos e as condi\u00e7\u00f5es estabelecidos em instrumento pr\u00f3prio.<\/span><\/p><p style=\"text-align: justify\"><span>Art. 3\u00ba\u00a0<\/span><span>As despesas decorrentes desta lei correr\u00e3o por conta de dota\u00e7\u00f5es do or\u00e7amento vigente suplementada se necess\u00e1rias.<\/span><\/p><p style=\"text-align: justify\"><span>Art. 4\u00ba<\/span><span>\u00a0Esta Lei entra em vigor na data de sua publica\u00e7\u00e3o.<\/span><\/p><p style=\"text-align: center\"><span>Pa\u00e7o Municipal \u201cDr. Tancredo de Almeida Neves\u201d, 26 de agosto de 2026.<\/span><\/p><p style=\"text-align: center\"><span>Jorge Augusto Seba<\/span><\/p><p style=\"text-align: center\"><span>Prefeito Municipal<\/span><\/p><p style=\"text-align: justify\"><span>Publicada e registrada no Departamento de Atos Administrativos e legislativos da Secretaria Municipal de Rela\u00e7\u00f5es Institucionais e Gabinete Civil, data supra.<\/span><\/p><p style=\"text-align: center\"><span>Nilton Cesar Santiago<\/span><\/p><p style=\"text-align: justify\"><span>Secret\u00e1rio Municipal de Rela\u00e7\u00f5es Institucionais e Gabinete Civil<\/span><\/p>","texto_integral_disponivel":true,"exportado_em":"2026-09-04T03:56:38-03:00"}