{"id":9162,"numero_formatado":"LEI ORDIN\u00c1RIA N\u00ba 7.505\/2026","titulo_capa_diario":"LEI ORDIN\u00c1RIA N\u00ba 7.505, DE 25 DE AGOSTO DE 2026","ano":"2026","data":"2026-08-25","status":0,"status_label":"EM VIGOR","ementa":"DISP\u00d5E SOBRE A DENOMINA\u00c7\u00c3O DA RUA REGINA NUNES DA SILVA, LOCALIZADA NO LOTEAMENTO PARQUE ESPLANADA.","autores":["MARC\u00c3O BRAZ"],"assuntos":["DENOMINA\u00c7\u00c3O"],"id_processo":32030,"url_processo":"https:\/\/www.camaravotuporanga.sp.gov.br\/proposituras\/32030","url_canonica":"https:\/\/www.camaravotuporanga.sp.gov.br\/legislacao\/9162","capa_diario":{"linha_publicacao":"PUBLICADO NO DI\u00c1RIO OFICIAL DO MUNIC\u00cdPIO EM 26\/08\/2026 - ED. N\u00ba 2682 - P\u00c1G. N\u00ba 3","ementa_capa":"(DISP\u00d5E SOBRE A DENOMINA\u00c7\u00c3O DA RUA REGINA NUNES DA SILVA, LOCALIZADA NO LOTEAMENTO PARQUE ESPLANADA.)"},"preambulo_html":"<p style=\"text-align: justify\">FA\u00c7O SABER QUE A C\u00c2MARA MUNICIPAL DE VOTUPORANGA APROVOU E EU NOS TERMOS DO ARTIGO 56, INCISO III, DA LEI ORG\u00c2NICA DO MUNIC\u00cdPIO, SANCIONO E PROMULGO A SEGUINTE LEI:<\/p>","texto_html":"<p style=\"text-align: justify\"><span>Art. 1\u00b0<\/span><span>\u00a0Passa a denominar-se\u00a0<\/span><span>RUA REGINA NUNES DA SILVA<\/span><span>\u00a0a atual Rua 17, localizada no Loteamento Parque Esplanada, registrado no Cart\u00f3rio de Registro de Im\u00f3veis e Anexos sob a Matr\u00edcula n\u00ba 77.809, nesta cidade.<\/span><\/p><p style=\"text-align: justify\"><span>Art. 2\u00b0<\/span><span>\u00a0Esta Lei entra em vigor na data de sua publica\u00e7\u00e3o.<\/span><\/p><p style=\"text-align: center\"><span>Pa\u00e7o Municipal \u201cDr. Tancredo de Almeida Neves\u201d, 25 de agosto de 2026.<\/span><\/p><p style=\"text-align: center\"><span>Jorge Augusto Seba<\/span><\/p><p style=\"text-align: center\"><span>Prefeito Municipal<\/span><\/p><p style=\"text-align: justify\"><span>Publicada e registrada no Departamento de Atos Administrativos e Legislativos da Secretaria Municipal de Rela\u00e7\u00f5es Institucionais e Gabinete Civil, data supra.<\/span><\/p><p style=\"text-align: center\"><span>Nilton Cesar Santiago<\/span><\/p><p style=\"text-align: center\"><span>Secret\u00e1rio Municipal de Rela\u00e7\u00f5es Institucionais e Gabinete Civil<\/span><\/p><p style=\"text-align: justify\"><span>Esta Lei originou-se do Projeto de Lei n\u00ba 147\/2026, de autoria do vereador Marc\u00e3o Braz.<\/span><\/p>","texto_integral_disponivel":true,"exportado_em":"2026-09-04T03:56:56-03:00"}