{"id":9158,"numero_formatado":"LEI ORDIN\u00c1RIA N\u00ba 7.503\/2026","titulo_capa_diario":"LEI ORDIN\u00c1RIA N\u00ba 7.503, DE 18 DE AGOSTO DE 2026","ano":"2026","data":"2026-08-18","status":0,"status_label":"EM VIGOR","ementa":"DISP\u00d5E SOBRE A DENOMINA\u00c7\u00c3O DA RUA EDSON PEBELINI GARCIA (TOM GARCIA), LOCALIZADA NO LOTEAMENTO PARQUE ESPLANADA.","autores":["O WART\u00c3O"],"assuntos":["DENOMINA\u00c7\u00c3O"],"id_processo":32082,"url_processo":"https:\/\/www.camaravotuporanga.sp.gov.br\/proposituras\/32082","url_canonica":"https:\/\/www.camaravotuporanga.sp.gov.br\/legislacao\/9158","capa_diario":{"linha_publicacao":"PUBLICADO NO DI\u00c1RIO OFICIAL DO MUNIC\u00cdPIO EM 20\/08\/2026 - ED. N\u00ba 2678 - P\u00c1G. N\u00ba 3","ementa_capa":"(DISP\u00d5E SOBRE A DENOMINA\u00c7\u00c3O DA RUA EDSON PEBELINI GARCIA (TOM GARCIA), LOCALIZADA NO LOTEAMENTO PARQUE ESPLANADA.)"},"preambulo_html":"<p style=\"text-align: justify\">FA\u00c7O SABER QUE A C\u00c2MARA MUNICIPAL DE VOTUPORANGA APROVOU E EU NOS TERMOS DO ARTIGO 56, INCISO III, DA LEI ORG\u00c2NICA DO MUNIC\u00cdPIO, SANCIONO E PROMULGO A SEGUINTE LEI:<\/p>","texto_html":"<p style=\"text-align: justify\"><span>Art. 1\u00b0<\/span><span>\u00a0Passa a denominar-se\u00a0<\/span><span>RUA EDSON PEBELINI GARCIA (TOM GARCIA)<\/span><span>, a atual Rua 21, localizada no Loteamento Parque Esplanada, registrado no Cart\u00f3rio de Registro de Im\u00f3veis e Anexos sob a Matr\u00edcula n\u00ba 77.809, nesta cidade.<\/span><\/p><p style=\"text-align: justify\"><span>Art. 2\u00b0<\/span><span>\u00a0Fica revogada em seu inteiro teor a\u00a0<\/span><span><a href=\"https:\/\/pesquisadeleis.com.br\/sp\/votuporanga\/legislacao\/149988\/lei-ordinaria-7490-dispoe-sobre-a-denominacao-da-rua-edson-pebelini-garcia-tom-garcia-localizada-no-loteamento-parque-esplanada\"><span>Lei n\u00ba 7.490, de 29 de julho de 2026<\/span><\/a><\/span><span>.<\/span><\/p><p style=\"text-align: justify\"><span>Art. 3\u00b0<\/span><span>\u00a0Esta Lei entra em vigor na data de sua publica\u00e7\u00e3o.<\/span><\/p><p style=\"text-align: center\"><span>Pa\u00e7o Municipal \u201cDr. Tancredo de Almeida Neves\u201d, 18 de agosto de 2026.<\/span><\/p><p style=\"text-align: center\"><span>Jorge Augusto Seba<\/span><\/p><p style=\"text-align: center\"><span>Prefeito Municipal<\/span><\/p><p style=\"text-align: center\"><span>Nilton Cesar Santiago<\/span><\/p><p style=\"text-align: center\"><span>Secret\u00e1rio Municipal de Rela\u00e7\u00f5es Institucionais e Gabinete Civil<\/span><\/p><p style=\"text-align: justify\"><span>Publicada e registrada no Departamento de Atos Administrativos e Legislativos da Secretaria Municipal de Rela\u00e7\u00f5es Institucionais e Gabinete Civil, data supra.<\/span><\/p><p style=\"text-align: center\"><span>Nat\u00e1lia Amanda Polizeli Rodrigues<\/span><\/p><p style=\"text-align: center\"><span>Chefe do Departamento<\/span><\/p><p style=\"text-align: justify\"><span>Esta Lei originou-se do Projeto de Lei n\u00ba 156\/2026, de autoria do vereador O Wart\u00e3o.<\/span><\/p>","texto_integral_disponivel":true,"exportado_em":"2026-09-04T03:57:28-03:00"}