{"id":9155,"numero_formatado":"LEI ORDIN\u00c1RIA N\u00ba 7.500\/2026","titulo_capa_diario":"LEI ORDIN\u00c1RIA N\u00ba 7.500, DE 14 DE AGOSTO DE 2026","ano":"2026","data":"2026-08-14","status":0,"status_label":"EM VIGOR","ementa":"DISP\u00d5E SOBRE A DIVULGA\u00c7\u00c3O DAS INFORMA\u00c7\u00d5ES ACERCA DOS DIREITOS DAS PESSOAS COM TRANSTORNO DO ESPECTRO AUTISTA \u2013 TEA NO \u00c2MBITO DO MUNIC\u00cdPIO DE VOTUPORANGA E D\u00c1 OUTRAS PROVID\u00caNCIAS.","autores":["MARC\u00c3O BRAZ"],"assuntos":["AUTISMO"],"id_processo":31872,"url_processo":"https:\/\/www.camaravotuporanga.sp.gov.br\/proposituras\/31872","url_canonica":"https:\/\/www.camaravotuporanga.sp.gov.br\/legislacao\/9155","capa_diario":{"linha_publicacao":"PUBLICADO NO DI\u00c1RIO OFICIAL DO MUNIC\u00cdPIO EM 17\/08\/2026 - ED. N\u00ba 2675 - P\u00c1G. N\u00ba 3-4","ementa_capa":"(DISP\u00d5E SOBRE A DIVULGA\u00c7\u00c3O DAS INFORMA\u00c7\u00d5ES ACERCA DOS DIREITOS DAS PESSOAS COM TRANSTORNO DO ESPECTRO AUTISTA \u2013 TEA NO \u00c2MBITO DO MUNIC\u00cdPIO DE VOTUPORANGA E D\u00c1 OUTRAS PROVID\u00caNCIAS.)"},"preambulo_html":"<p style=\"text-align: justify\">FA\u00c7O SABER QUE A C\u00c2MARA MUNICIPAL DE VOTUPORANGA APROVOU E EU NOS TERMOS DO ARTIGO 56, INCISO III, DA LEI ORG\u00c2NICA DO MUNIC\u00cdPIO, SANCIONO E PROMULGO A SEGUINTE LEI:<\/p>","texto_html":"<p style=\"text-align: justify\"><a><\/a><span>Art. 1\u00b0<\/span><span>\u00a0Fica institu\u00edda, no \u00e2mbito do munic\u00edpio de Votuporanga, a obrigatoriedade de divulga\u00e7\u00e3o de informa\u00e7\u00f5es e orienta\u00e7\u00f5es acerca dos direitos das pessoas com Transtorno do Espectro Autista - TEA no s\u00edtio eletr\u00f4nico oficial do Poder Executivo e por outros meios que considerar adequados.<\/span><\/p><p style=\"text-align: justify\"><span>Art. 2\u00b0<\/span><span>\u00a0Esta Lei tem por objetivos:<\/span><\/p><p style=\"text-align: justify\"><span>I - centralizar e disponibilizar, de forma acess\u00edvel, as informa\u00e7\u00f5es sobre os direitos garantidos \u00e0s pessoas com TEA;<\/span><\/p><p style=\"text-align: justify\"><span>II - orientar fam\u00edlias, profissionais e a sociedade sobre pol\u00edticas p\u00fablicas existentes;<\/span><\/p><p style=\"text-align: justify\"><span>III - promover a inclus\u00e3o social e o respeito \u00e0 neurodiversidade;<\/span><\/p><p style=\"text-align: justify\"><span>IV - fortalecer a cidadania e a dignidade da pessoa com TEA; e,<\/span><\/p><p style=\"text-align: justify\"><span>V - contribuir para a efetividade das normas de prote\u00e7\u00e3o e inclus\u00e3o.<\/span><\/p><p style=\"text-align: justify\"><span>Art. 3\u00b0<\/span><span>\u00a0O conte\u00fado informativo poder\u00e1 contemplar, entre outros:<\/span><\/p><p style=\"text-align: justify\"><span>I - direitos previstos na legisla\u00e7\u00e3o federal, estadual e municipal aplic\u00e1vel;<\/span><\/p><p style=\"text-align: justify\"><span>II - informa\u00e7\u00f5es sobre acesso \u00e0 sa\u00fade, educa\u00e7\u00e3o e assist\u00eancia social;<\/span><\/p><p style=\"text-align: justify\"><span>III - orienta\u00e7\u00f5es sobre diagn\u00f3stico e acompanhamento; e,<\/span><\/p><p style=\"text-align: justify\"><span>IV - canais de atendimento e servi\u00e7os dispon\u00edveis no Munic\u00edpio.<\/span><\/p><p style=\"text-align: justify\"><span>Art. 4\u00b0<\/span><span>\u00a0O Poder Executivo poder\u00e1 regulamentar esta Lei no que couber.<\/span><\/p><p style=\"text-align: justify\"><span>Art. 5\u00b0<\/span><span>\u00a0Esta Lei entra em vigor na data de sua publica\u00e7\u00e3o, produzindo seus efeitos a partir de 90 (noventa) dias.<\/span><\/p><p style=\"text-align: center\"><span>Pa\u00e7o Municipal \u201cDr. Tancredo de Almeida Neves\u201d, 14 de agosto de 2026.<\/span><\/p><p style=\"text-align: center\"><span>Jorge Augusto Seba<\/span><\/p><p style=\"text-align: center\"><span>Prefeito Municipal<\/span><\/p><p style=\"text-align: center\"><span>Nilton Cesar Santiago<\/span><\/p><p style=\"text-align: center\"><span>Secret\u00e1rio Municipal de Rela\u00e7\u00f5es Institucionais e Gabinete Civil<\/span><\/p><p style=\"text-align: justify\"><span>Publicada e registrada no Departamento de Atos Administrativos e Legislativos da Secretaria Municipal de Rela\u00e7\u00f5es Institucionais e Gabinete Civil, data supra.<\/span><\/p><p style=\"text-align: center\"><span>Nat\u00e1lia Amanda Polizeli Rodrigues<\/span><\/p><p style=\"text-align: center\"><span>Chefe do Departamento<\/span><\/p><p style=\"text-align: justify\"><span>Esta Lei originou-se do Projeto de Lei n\u00ba 131\/2026, de autoria do vereador Marc\u00e3o Braz.<\/span><\/p>","texto_integral_disponivel":true,"exportado_em":"2026-09-04T04:46:51-03:00"}