{"id":9153,"numero_formatado":"LEI COMPLEMENTAR N\u00ba 583\/2026","titulo_capa_diario":"LEI COMPLEMENTAR N\u00ba 583, DE 14 DE AGOSTO DE 2026","ano":"2026","data":"2026-08-14","status":0,"status_label":"EM VIGOR","ementa":"INSTITUI O PLANO MUNICIPAL PELA PRIMEIRA INF\u00c2NCIA DE VOTUPORANGA \u2013 PMPI.","autores":["PODER EXECUTIVO"],"assuntos":["CRIAN\u00c7AS","ESTATUTO DA CRIAN\u00c7A E DO ADOLESCENTE"],"id_processo":32069,"url_processo":"https:\/\/www.camaravotuporanga.sp.gov.br\/proposituras\/32069","url_canonica":"https:\/\/www.camaravotuporanga.sp.gov.br\/legislacao\/9153","capa_diario":{"linha_publicacao":"PUBLICADO NO DI\u00c1RIO OFICIAL DO MUNIC\u00cdPIO EM 14\/08\/2026 - ED. N\u00ba 2674A - P\u00c1G. N\u00ba 3-209","ementa_capa":"(INSTITUI O PLANO MUNICIPAL PELA PRIMEIRA INF\u00c2NCIA DE VOTUPORANGA \u2013 PMPI.)"},"preambulo_html":"<p style=\"text-align: justify\">FA\u00c7O SABER QUE A C\u00c2MARA MUNICIPAL DE VOTUPORANGA APROVOU E EU, NOS TERMOS DO ARTIGO 56, INCISO III, DA LEI ORG\u00c2NICA DO MUNIC\u00cdPIO, SANCIONO E PROMULGO A SEGUINTE LEI:<\/p>","texto_html":"<p style=\"text-align: justify\"><a><\/a><span>Art. 1\u00ba\u00a0<\/span><span>Fica institu\u00eddo o Plano Municipal pela Primeira Inf\u00e2ncia de Votuporanga \u2013 PMPI, com vig\u00eancia de dez anos, compreendendo o per\u00edodo de 2026 a 2036, constante do Anexo \u00danico desta Lei Complementar.<\/span><\/p><p style=\"text-align: justify\"><span>Par\u00e1grafo \u00fanico.\u00a0<\/span><span>O Plano Municipal pela Primeira Inf\u00e2ncia constitui instrumento de planejamento estrat\u00e9gico das pol\u00edticas p\u00fablicas voltadas \u00e0s crian\u00e7as de at\u00e9 seis anos de idade, observados os princ\u00edpios da prote\u00e7\u00e3o integral, da prioridade absoluta, da intersetorialidade e da participa\u00e7\u00e3o social.<\/span><\/p><p style=\"text-align: justify\"><span>Art. 2\u00ba\u00a0<\/span><span>S\u00e3o objetivos do Plano Municipal pela Primeira Inf\u00e2ncia:<\/span><\/p><p style=\"text-align: justify\"><span>I \u2013 promover o desenvolvimento integral das crian\u00e7as na primeira inf\u00e2ncia;<\/span><\/p><p style=\"text-align: justify\"><span>II \u2013 fortalecer a articula\u00e7\u00e3o entre as pol\u00edticas p\u00fablicas voltadas \u00e0 inf\u00e2ncia;<\/span><\/p><p style=\"text-align: justify\"><span>III \u2013 garantir a prote\u00e7\u00e3o integral e a efetiva\u00e7\u00e3o dos direitos das crian\u00e7as;<\/span><\/p><p style=\"text-align: justify\"><span>IV \u2013 fortalecer o papel da fam\u00edlia, da comunidade e do Poder P\u00fablico na promo\u00e7\u00e3o do desenvolvimento infantil;<\/span><\/p><p style=\"text-align: justify\"><span>V \u2013 estabelecer diretrizes, metas e a\u00e7\u00f5es para a formula\u00e7\u00e3o, implementa\u00e7\u00e3o, monitoramento e avalia\u00e7\u00e3o das pol\u00edticas p\u00fablicas destinadas \u00e0 primeira inf\u00e2ncia.<\/span><\/p><p style=\"text-align: justify\"><span>Art. 3\u00ba\u00a0<\/span><span>A execu\u00e7\u00e3o do Plano Municipal pela Primeira Inf\u00e2ncia ser\u00e1 coordenada pela Secretaria Municipal de Governo, em articula\u00e7\u00e3o com os \u00f3rg\u00e3os e entidades da Administra\u00e7\u00e3o P\u00fablica Municipal respons\u00e1veis pelas pol\u00edticas voltadas \u00e0 primeira inf\u00e2ncia.<\/span><\/p><p style=\"text-align: justify\"><span>Art. 4\u00ba\u00a0<\/span><span>Compete \u00e0s Secretarias Municipais e aos \u00f3rg\u00e3os envolvidos incorporar as diretrizes, objetivos, metas e a\u00e7\u00f5es do PMPI aos seus respectivos instrumentos de planejamento, observadas suas compet\u00eancias legais e disponibilidade or\u00e7ament\u00e1ria.<\/span><\/p><p style=\"text-align: justify\"><span>Art. 5\u00ba<\/span><span>\u00a0O acompanhamento e o monitoramento do Plano Municipal pela Primeira Inf\u00e2ncia ser\u00e3o realizados de forma intersetorial, com participa\u00e7\u00e3o:<\/span><\/p><p style=\"text-align: justify\"><span>I \u2013 da Comiss\u00e3o Municipal Intersetorial do PMPI;<\/span><\/p><p style=\"text-align: justify\"><span>II \u2013 do Comit\u00ea Gestor do PMPI;<\/span><\/p><p style=\"text-align: justify\"><span>III \u2013 da C\u00e2mara T\u00e9cnica de Governan\u00e7a e Monitoramento;<\/span><\/p><p style=\"text-align: justify\"><span>IV \u2013 do Conselho Municipal dos Direitos da Crian\u00e7a e do Adolescente \u2013 CMDCA.<\/span><\/p><p style=\"text-align: justify\"><span>Par\u00e1grafo \u00fanico.<\/span><span>\u00a0O CMDCA exercer\u00e1 o controle social do Plano, acompanhando sua implementa\u00e7\u00e3o e propondo recomenda\u00e7\u00f5es para seu aperfei\u00e7oamento.<\/span><\/p><p style=\"text-align: justify\"><span>Art. 6\u00ba<\/span><span>\u00a0O Poder Executivo promover\u00e1 o monitoramento permanente da execu\u00e7\u00e3o do Plano Municipal pela Primeira Inf\u00e2ncia, utilizando indicadores, metas e mecanismos de avalia\u00e7\u00e3o previstos em seu Anexo.\u00a0<\/span><\/p><p style=\"text-align: justify\"><span>Art. 7\u00ba\u00a0<\/span><span>O Plano Municipal pela Primeira Inf\u00e2ncia ser\u00e1 objeto de avalia\u00e7\u00e3o peri\u00f3dica e poder\u00e1 ser atualizado sempre que necess\u00e1rio, mediante processo participativo coordenado pelo Poder Executivo, ouvido o Conselho Municipal dos Direitos da Crian\u00e7a e do Adolescente \u2013 CMDCA.\u00a0<\/span><\/p><p style=\"text-align: justify\"><span>Par\u00e1grafo \u00fanico.<\/span><span>\u00a0As revis\u00f5es dever\u00e3o preservar os princ\u00edpios, objetivos e diretrizes estabelecidos nesta Lei.\u00a0<\/span><\/p><p style=\"text-align: justify\"><span>Art. 8\u00ba<\/span><span>\u00a0As despesas decorrentes da execu\u00e7\u00e3o desta Lei Complementar correr\u00e3o por conta das dota\u00e7\u00f5es or\u00e7ament\u00e1rias pr\u00f3prias consignadas no or\u00e7amento vigente, suplementadas, se necess\u00e1rio, observadas as disposi\u00e7\u00f5es da\u00a0<\/span><span><a href=\"https:\/\/www.planalto.gov.br\/ccivil_03\/leis\/lcp\/lcp101.htm\"><span>Lei Complementar Federal n\u00ba 101, de 4 de maio de 2000<\/span><\/a><\/span><span>\u00a0(Lei de Responsabilidade Fiscal), bem como a disponibilidade or\u00e7ament\u00e1ria e financeira do Munic\u00edpio.\u00a0<\/span><\/p><p style=\"text-align: justify\"><span>\u00a7 1\u00ba<\/span><span>\u00a0A implementa\u00e7\u00e3o das a\u00e7\u00f5es, programas e projetos previstos no Plano Municipal pela Primeira Inf\u00e2ncia de Votuporanga \u2013 PMPI, observar\u00e1, quando aplic\u00e1vel, o Plano Plurianual \u2013 PPA, a Lei de Diretrizes Or\u00e7ament\u00e1rias \u2013 LDO e a Lei Or\u00e7ament\u00e1ria Anual \u2013 LOA, respeitadas as prioridades administrativas e a capacidade financeira do Munic\u00edpio.\u00a0<\/span><\/p><p style=\"text-align: justify\"><span>\u00a7 2\u00ba<\/span><span>\u00a0O Poder Executivo poder\u00e1 promover a implementa\u00e7\u00e3o das a\u00e7\u00f5es previstas no PMPI mediante recursos pr\u00f3prios, transfer\u00eancias volunt\u00e1rias, conv\u00eanios, termos de coopera\u00e7\u00e3o, opera\u00e7\u00f5es de cr\u00e9dito autorizadas em lei, fundos p\u00fablicos e demais instrumentos legalmente admitidos, observada a legisla\u00e7\u00e3o aplic\u00e1vel.\u00a0<\/span><\/p><p style=\"text-align: justify\"><span>Art. 9\u00ba\u00a0<\/span><span>Esta Lei Complementar entra em vigor na data de sua publica\u00e7\u00e3o.<\/span><\/p><p style=\"text-align: center\"><span>Pa\u00e7o Municipal \u201cDr. Tancredo de Almeida Neves\u201d, 14 de agosto de 2026.<\/span><\/p><p style=\"text-align: center\"><span>Jorge Augusto Seba<\/span><\/p><p style=\"text-align: center\"><span>Prefeito Municipal<\/span><\/p><p style=\"text-align: center\"><span>Alexandre Elias Giora<\/span><\/p><p style=\"text-align: center\"><span>Secret\u00e1rio Municipal de Governo<\/span><\/p><p style=\"text-align: center\"><span>Nilton Cesar Santiago<\/span><\/p><p style=\"text-align: center\"><span>Secret\u00e1rio Municipal de Rela\u00e7\u00f5es Institucionais e Gabinete Civil<\/span><\/p><p style=\"text-align: justify\"><span>Publicada e registrada no Departamento de Atos Administrativos e Legislativos da Secretaria Municipal de Rela\u00e7\u00f5es Institucionais e Gabinete Civil, data supra.<\/span><\/p><p style=\"text-align: center\"><span>Nat\u00e1lia Amanda Polizeli Rodrigues<\/span><\/p><p style=\"text-align: center\"><span>Chefe do Departamento<\/span><\/p><p style=\"text-align: justify\"><span>Esta Lei Complementar sofreu Emenda da Comiss\u00e3o de Justi\u00e7a e Reda\u00e7\u00e3o da C\u00e2mara Municipal.<\/span><\/p>","texto_integral_disponivel":true,"exportado_em":"2026-09-04T04:44:13-03:00"}