{"id":9151,"numero_formatado":"LEI ORDIN\u00c1RIA N\u00ba 7.498\/2026","titulo_capa_diario":"LEI ORDIN\u00c1RIA N\u00ba 7.498, DE 12 DE AGOSTO DE 2026","ano":"2026","data":"2026-08-12","status":0,"status_label":"EM VIGOR","ementa":"AUTORIZA O PODER EXECUTIVO A TRANSFERIR NO EXERC\u00cdCIO DE 2026, RECURSO FINANCEIRO \u00c0 ENTIDADE SEM FINS LUCRATIVOS QUEESPECIFICA, ATRAV\u00c9S DE TERMO DE COLABORA\u00c7\u00c3O E\/OU FOMENTO, NOS TERMOS DA LEI FEDERAL N\u00ba 13.019, DE 31 DE JULHO DE 2014 E DA LEI FEDERAL N\u00ba 4.320, DE 17 DE MAR\u00c7O DE 1964.","autores":["PODER EXECUTIVO"],"assuntos":["TRANSFER\u00caNCIA DE RECURSOS"],"id_processo":32060,"url_processo":"https:\/\/www.camaravotuporanga.sp.gov.br\/proposituras\/32060","url_canonica":"https:\/\/www.camaravotuporanga.sp.gov.br\/legislacao\/9151","capa_diario":{"linha_publicacao":"PUBLICADO NO DI\u00c1RIO OFICIAL DO MUNIC\u00cdPIO EM 13\/08\/2026 - ED. N\u00ba 2673 - P\u00c1G. N\u00ba 201","ementa_capa":"(AUTORIZA O PODER EXECUTIVO A TRANSFERIR NO EXERC\u00cdCIO DE 2026, RECURSO FINANCEIRO \u00c0 ENTIDADE SEM FINS LUCRATIVOS QUEESPECIFICA, ATRAV\u00c9S DE TERMO DE COLABORA\u00c7\u00c3O E\/OU FOMENTO, NOS TERMOS DA LEI FEDERAL N\u00ba 13.019, DE 31 DE JULHO DE 2014 E DA LEI FEDERAL N\u00ba 4.320, DE 17 DE MAR\u00c7O DE 1964.)"},"preambulo_html":"<p style=\"text-align: justify\">FA\u00c7O SABER QUE A C\u00c2MARA MUNICIPAL DE VOTUPORANGA APROVOU E EU, NOS TERMOS DO ARTIGO 56, INCISO III, DA LEI ORG\u00c2NICA DO MUNIC\u00cdPIO, SANCIONO E PROMULGO A SEGUINTE LEI:<\/p>","texto_html":"<p style=\"text-align: justify\"><span>Art. 1\u00b0<\/span><span>\u00a0Fica o Poder Executivo autorizado a transferir no exerc\u00edcio de 2026, recurso financeiro \u00e0 Entidade sem fins lucrativos que especifica, atrav\u00e9s de Termo de Colabora\u00e7\u00e3o e\/ou Fomento, nos termos da\u00a0<\/span><span><a href=\"https:\/\/www.planalto.gov.br\/ccivil_03\/_ato2011-2014\/2014\/lei\/l13019.htm\"><span>Lei Federal n\u00ba 13.019, de 31 de julho de 2014<\/span><\/a><\/span><span>\u00a0e da\u00a0<\/span><span><a href=\"https:\/\/www.planalto.gov.br\/ccivil_03\/leis\/l4320.htm\"><span>Lei Federal n\u00ba 4.320, de 17 de mar\u00e7o de 1964<\/span><\/a><\/span><span>.<\/span><\/p><p style=\"text-align: justify\"><span>Art. 2\u00b0<\/span><span>\u00a0O valor a ser transferido, em parcela \u00fanica, no exerc\u00edcio de 2026, no valor de R$ 100.000,00 (cem mil reais), provenientes do Fundo Municipal de Assist\u00eancia Social, ser\u00e1 destinado \u00e0 Comunidade Assistencial Irm\u00e3os de Ema\u00fas, objetivando a transfer\u00eancia de recursos financeiros para assegurar a continuidade e o fortalecimento da execu\u00e7\u00e3o do Servi\u00e7o de Acolhimento Institucional para Pessoas em Situa\u00e7\u00e3o de Rua, integrante da Prote\u00e7\u00e3o Social Especial de Alta Complexidade do Sistema \u00danico de Assist\u00eancia Social (SUAS), mediante a formaliza\u00e7\u00e3o de parceria destinada \u00e0 amplia\u00e7\u00e3o da estrutura f\u00edsica da Entidade.<\/span><\/p><p style=\"text-align: justify\"><span>Art. 3\u00b0<\/span><span>\u00a0As despesas decorrentes da execu\u00e7\u00e3o desta lei correr\u00e3o \u00e0 conta das dota\u00e7\u00f5es do Or\u00e7amento vigente, suplementadas se necess\u00e1rio.<\/span><\/p><p style=\"text-align: justify\"><span>Art. 4\u00b0<\/span><span>\u00a0Esta Lei entra em vigor na data de sua publica\u00e7\u00e3o.<\/span><\/p><p style=\"text-align: center\"><span>Pa\u00e7o Municipal \u201cDr. Tancredo de Almeida Neves\u201d, 12 de agosto de 2026.<\/span><\/p><p style=\"text-align: center\"><span>Jorge Augusto Seba<\/span><\/p><p style=\"text-align: center\"><span>Prefeito Municipal<\/span><\/p><p style=\"text-align: center\"><span>Nilton Cesar Santiago<\/span><\/p><p style=\"text-align: center\"><span>Secret\u00e1rio Municipal de Rela\u00e7\u00f5es Institucionais e Gabinete Civil<\/span><\/p><p style=\"text-align: justify\"><span>Publicada e registrada no Departamento de Atos Administrativos e Legislativos da Secretaria Municipal de Rela\u00e7\u00f5es Institucionais e Gabinete Civil, data supra.<\/span><\/p><p style=\"text-align: center\"><span>Nat\u00e1lia Amanda Polizeli Rodrigues<\/span><\/p><p style=\"text-align: center\"><span>Chefe do Departamento<\/span><\/p>","texto_integral_disponivel":true,"exportado_em":"2026-09-04T04:43:10-03:00"}