{"id":9146,"numero_formatado":"LEI COMPLEMENTAR N\u00ba 582\/2026","titulo_capa_diario":"LEI COMPLEMENTAR N\u00ba 582, DE 12 DE AGOSTO DE 2026","ano":"2026","data":"2026-08-12","status":0,"status_label":"EM VIGOR","ementa":"INSTITUI O PLANO MUNICIPAL DE ADAPTA\u00c7\u00c3O E RESILI\u00caNCIA CLIM\u00c1TICA \u2013 PMARC DO MUNIC\u00cdPIO DE VOTUPORANGA E D\u00c1 OUTRAS PROVID\u00caNCIAS.","autores":["PODER EXECUTIVO"],"assuntos":["MEIO AMBIENTE","DEFESA CIVIL"],"id_processo":32061,"url_processo":"https:\/\/www.camaravotuporanga.sp.gov.br\/proposituras\/32061","url_canonica":"https:\/\/www.camaravotuporanga.sp.gov.br\/legislacao\/9146","capa_diario":{"linha_publicacao":"PUBLICADO NO DI\u00c1RIO OFICIAL DO MUNIC\u00cdPIO EM 13\/08\/2026 - ED. N\u00ba 2673 - P\u00c1G. N\u00ba 5-199","ementa_capa":"(INSTITUI O PLANO MUNICIPAL DE ADAPTA\u00c7\u00c3O E RESILI\u00caNCIA CLIM\u00c1TICA \u2013 PMARC DO MUNIC\u00cdPIO DE VOTUPORANGA E D\u00c1 OUTRAS PROVID\u00caNCIAS.)"},"preambulo_html":"<p style=\"text-align: justify\">FA\u00c7O SABER QUE A C\u00c2MARA MUNICIPAL DE VOTUPORANGA APROVOU E EU, NOS TERMOS DO ARTIGO 56, INCISO III, DA LEI ORG\u00c2NICA DO MUNIC\u00cdPIO, SANCIONO E PROMULGO A SEGUINTE LEI:<\/p>","texto_html":"<p style=\"text-align: justify\"><span>Art. 1\u00ba\u00a0<\/span><span>Fica institu\u00eddo o Plano Municipal de Adapta\u00e7\u00e3o e Resili\u00eancia Clim\u00e1tica \u2013 PMARC do Munic\u00edpio de Votuporanga, como instrumento permanente de planejamento, gest\u00e3o e implementa\u00e7\u00e3o de a\u00e7\u00f5es destinadas \u00e0 prepara\u00e7\u00e3o do Munic\u00edpio diante dos impactos atuais e futuros da mudan\u00e7a do clima, constante no Anexo da presente Lei.\u00a0<\/span><\/p><p style=\"text-align: justify\"><span>Par\u00e1grafo \u00fanico.<\/span><span>\u00a0O presente Plano tem como objetivo geral preparar o Munic\u00edpio para o enfrentamento da mudan\u00e7a do clima em curso, promovendo a redu\u00e7\u00e3o dos riscos, a prote\u00e7\u00e3o da popula\u00e7\u00e3o, a sustentabilidade ambiental e a igualdade de oportunidades entre todas as pessoas.\u00a0<\/span><\/p><p style=\"text-align: justify\"><span>Art. 2\u00ba<\/span><span>\u00a0O PMARC ser\u00e1 implementado de forma integrada \u00e0s pol\u00edticas p\u00fablicas municipais, especialmente:\u00a0<\/span><\/p><p style=\"text-align: justify\"><span>I \u2013 planejamento urbano e territorial;\u00a0<\/span><\/p><p style=\"text-align: justify\"><span>II \u2013 meio ambiente;\u00a0<\/span><\/p><p style=\"text-align: justify\"><span>III \u2013 recursos h\u00eddricos;\u00a0<\/span><\/p><p style=\"text-align: justify\"><span>IV \u2013 sa\u00fade p\u00fablica;\u00a0<\/span><\/p><p style=\"text-align: justify\"><span>V \u2013 assist\u00eancia social;\u00a0<\/span><\/p><p style=\"text-align: justify\"><span>VI \u2013 educa\u00e7\u00e3o;\u00a0<\/span><\/p><p style=\"text-align: justify\"><span>VII \u2013 infraestrutura;\u00a0<\/span><\/p><p style=\"text-align: justify\"><span>VIII \u2013 agricultura;\u00a0<\/span><\/p><p style=\"text-align: justify\"><span>IX \u2013 prote\u00e7\u00e3o e defesa civil.\u00a0<\/span><\/p><p style=\"text-align: justify\"><span>Art. 3\u00ba\u00a0<\/span><span>S\u00e3o diretrizes do Plano Municipal de Adapta\u00e7\u00e3o e Resili\u00eancia Clim\u00e1tica:\u00a0<\/span><\/p><p style=\"text-align: justify\"><span>I \u2013 preven\u00e7\u00e3o e redu\u00e7\u00e3o dos riscos clim\u00e1ticos;\u00a0<\/span><\/p><p style=\"text-align: justify\"><span>II \u2013 fortalecimento da capacidade institucional municipal;\u00a0<\/span><\/p><p style=\"text-align: justify\"><span>III \u2013 integra\u00e7\u00e3o entre planejamento e gest\u00e3o de riscos;\u00a0<\/span><\/p><p style=\"text-align: justify\"><span>IV \u2013 utiliza\u00e7\u00e3o de dados t\u00e9cnicos e cient\u00edficos;<\/span><\/p><p style=\"text-align: justify\"><span>V \u2013 participa\u00e7\u00e3o social;\u00a0<\/span><\/p><p style=\"text-align: justify\"><span>VI \u2013 prote\u00e7\u00e3o das popula\u00e7\u00f5es vulner\u00e1veis;\u00a0<\/span><\/p><p style=\"text-align: justify\"><span>VII \u2013 promo\u00e7\u00e3o da justi\u00e7a clim\u00e1tica;\u00a0<\/span><\/p><p style=\"text-align: justify\"><span>VIII \u2013 integra\u00e7\u00e3o com o Plano de Conting\u00eancia de Prote\u00e7\u00e3o e Defesa Civil \u2013 PLANCON.\u00a0<\/span><\/p><p style=\"text-align: justify\"><span>Art. 4\u00ba\u00a0<\/span><span>O PMARC dever\u00e1 atuar de forma integrada ao Plano de Conting\u00eancia de Prote\u00e7\u00e3o e Defesa Civil \u2013 PLANCON, fortalecendo:\u00a0<\/span><\/p><p style=\"text-align: justify\"><span>I \u2013 identifica\u00e7\u00e3o dos riscos;\u00a0<\/span><\/p><p style=\"text-align: justify\"><span>II \u2013 sistemas de monitoramento e alerta;\u00a0<\/span><\/p><p style=\"text-align: justify\"><span>III \u2013 prepara\u00e7\u00e3o das equipes;\u00a0<\/span><\/p><p style=\"text-align: justify\"><span>IV \u2013 protocolos de resposta;\u00a0<\/span><\/p><p style=\"text-align: justify\"><span>V \u2013 a\u00e7\u00f5es de recupera\u00e7\u00e3o resiliente.\u00a0<\/span><\/p><p style=\"text-align: justify\"><span>Art. 5\u00ba\u00a0<\/span><span>O PMARC dever\u00e1 ser acompanhado por meio de indicadores de desempenho, considerando:\u00a0<\/span><\/p><p style=\"text-align: justify\"><span>I \u2013 redu\u00e7\u00e3o de vulnerabilidades;\u00a0<\/span><\/p><p style=\"text-align: justify\"><span>II \u2013 execu\u00e7\u00e3o das medidas previstas;\u00a0<\/span><\/p><p style=\"text-align: justify\"><span>III \u2013 evolu\u00e7\u00e3o dos riscos clim\u00e1ticos;\u00a0<\/span><\/p><p style=\"text-align: justify\"><span>IV \u2013 capacidade municipal de resposta.\u00a0<\/span><\/p><p style=\"text-align: justify\"><span>Art. 6\u00ba<\/span><span>\u00a0O Plano Municipal de Adapta\u00e7\u00e3o e Resili\u00eancia Clim\u00e1tica dever\u00e1 ser revisado periodicamente, considerando:\u00a0<\/span><\/p><p style=\"text-align: justify\"><span>I \u2013 novos dados clim\u00e1ticos;\u00a0<\/span><\/p><p style=\"text-align: justify\"><span>II \u2013 ocorr\u00eancia de eventos extremos;\u00a0<\/span><\/p><p style=\"text-align: justify\"><span>III \u2013 atualiza\u00e7\u00e3o do PLANCON;\u00a0<\/span><\/p><p style=\"text-align: justify\"><span>IV \u2013 evolu\u00e7\u00e3o das pol\u00edticas p\u00fablicas municipais.\u00a0<\/span><\/p><p style=\"text-align: justify\"><span>Art. 7\u00ba\u00a0<\/span><span>Os \u00f3rg\u00e3os municipais dever\u00e3o incorporar, sempre que poss\u00edvel, crit\u00e9rios de adapta\u00e7\u00e3o clim\u00e1tica em seus programas, projetos e a\u00e7\u00f5es.\u00a0<\/span><\/p><p style=\"text-align: justify\"><span>Art. 8\u00ba<\/span><span>\u00a0As despesas decorrentes da execu\u00e7\u00e3o desta Lei Complementar correr\u00e3o por conta das dota\u00e7\u00f5es or\u00e7ament\u00e1rias pr\u00f3prias consignadas no or\u00e7amento vigente, suplementadas, se necess\u00e1rio, observadas as disposi\u00e7\u00f5es da\u00a0<\/span><span><a href=\"https:\/\/www.planalto.gov.br\/ccivil_03\/leis\/lcp\/lcp101.htm\"><span>Lei Complementar Federal n\u00ba 101, de 4 de maio de 2000<\/span><\/a><\/span><span>\u00a0(Lei de Responsabilidade Fiscal), bem como a disponibilidade or\u00e7ament\u00e1ria e financeira do Munic\u00edpio.<\/span><\/p><p style=\"text-align: justify\"><span>\u00a7 1\u00ba<\/span><span>\u00a0A implementa\u00e7\u00e3o das a\u00e7\u00f5es, programas e projetos previstos no Plano Municipal de Adapta\u00e7\u00e3o e Resili\u00eancia Clim\u00e1tica \u2013 PMARC observar\u00e1, quando aplic\u00e1vel, o Plano Plurianual \u2013 PPA, a Lei de Diretrizes Or\u00e7ament\u00e1rias \u2013 LDO e a Lei Or\u00e7ament\u00e1ria Anual \u2013 LOA, respeitadas as prioridades administrativas e a capacidade financeira do Munic\u00edpio.\u00a0<\/span><\/p><p style=\"text-align: justify\"><span>\u00a7 2\u00ba\u00a0<\/span><span>O Poder Executivo poder\u00e1 promover a implementa\u00e7\u00e3o das a\u00e7\u00f5es previstas no PMARC mediante recursos pr\u00f3prios, transfer\u00eancias volunt\u00e1rias, conv\u00eanios, termos de coopera\u00e7\u00e3o, opera\u00e7\u00f5es de cr\u00e9dito autorizadas em lei, fundos p\u00fablicos e demais instrumentos legalmente admitidos, observada a legisla\u00e7\u00e3o aplic\u00e1vel.\u00a0<\/span><\/p><p style=\"text-align: justify\"><span>Art. 9\u00ba<\/span><span>\u00a0Esta Lei Complementar entra em vigor na data de sua publica\u00e7\u00e3o.\u00a0<\/span><\/p><p style=\"text-align: center\"><span>Pa\u00e7o Municipal \u201cDr. Tancredo de Almeida Neves\u201d, 12 de agosto de 2026.<\/span><\/p><p style=\"text-align: center\"><span>Jorge Augusto Seba<\/span><\/p><p style=\"text-align: center\"><span>Prefeito Municipal<\/span><\/p><p style=\"text-align: center\"><span>Nilton Cesar Santiago<\/span><\/p><p style=\"text-align: center\"><span>Secret\u00e1rio Municipal de Rela\u00e7\u00f5es Institucionais e Gabinete Civil<\/span><\/p><p style=\"text-align: justify\"><span>Publicada e registrada no Departamento de Atos Administrativos e Legislativos da Secretaria Municipal de Rela\u00e7\u00f5es Institucionais e Gabinete Civil, data supra.<\/span><\/p><p style=\"text-align: center\"><span>Nat\u00e1lia Amanda Polizeli Rodrigues<\/span><\/p><p style=\"text-align: center\"><span>Chefe do Departamento<\/span><\/p>","texto_integral_disponivel":true,"exportado_em":"2026-09-04T04:44:13-03:00"}